{"id":17213,"date":"2018-01-07T14:36:44","date_gmt":"2018-01-07T13:36:44","guid":{"rendered":"http:\/\/www.grau-blau.de\/?p=17213"},"modified":"2018-01-07T14:36:44","modified_gmt":"2018-01-07T13:36:44","slug":"tim-gebauer-erhaelt-ehrenorden","status":"publish","type":"post","link":"https:\/\/www.grau-blau.de\/?p=17213","title":{"rendered":"Tim Gebauer erh\u00e4lt Ehrenorden"},"content":{"rendered":"<p>Durch die Hand unseres Ehrenvorsitzenden R\u00fcdiger Remy wurde bei der ersten Sitzung der Session 2018 der Ehrenorden &#8220;Grau-Blauer Ambert&#8221; an Tim Gebauer verliehen. Tim, unser zweiter Vorsitzender, ist seit dem Jahre 2000 im Verein aktiv, und steht in diversen Rollen auf der Narrenb\u00fchne. Daneben \u00fcbernimmt er viele andere wichtigen Arbeiten im Verein. Herzlichen Gl\u00fcckwunsch Tim, Du bist ein w\u00fcrdiger Ordenstr\u00e4ger und R\u00fcdiger Remy hat eine gute Wahl getroffen!<\/p>\n<figure id=\"attachment_17214\" aria-describedby=\"caption-attachment-17214\" style=\"width: 1500px\" class=\"wp-caption aligncenter\"><a href=\"https:\/\/i0.wp.com\/www.grau-blau.de\/wp-content\/uploads\/2018\/01\/GBAmbert2018-1-von-4.jpg?ssl=1\"><img data-recalc-dims=\"1\" loading=\"lazy\" decoding=\"async\" data-attachment-id=\"17214\" data-permalink=\"https:\/\/www.grau-blau.de\/?attachment_id=17214\" data-orig-file=\"https:\/\/i0.wp.com\/www.grau-blau.de\/wp-content\/uploads\/2018\/01\/GBAmbert2018-1-von-4.jpg?fit=1500%2C1125&amp;ssl=1\" data-orig-size=\"1500,1125\" data-comments-opened=\"1\" data-image-meta=\"{&quot;aperture&quot;:&quot;5.4&quot;,&quot;credit&quot;:&quot;&quot;,&quot;camera&quot;:&quot;DC-GH5&quot;,&quot;caption&quot;:&quot;&quot;,&quot;created_timestamp&quot;:&quot;1515015056&quot;,&quot;copyright&quot;:&quot;&quot;,&quot;focal_length&quot;:&quot;97&quot;,&quot;iso&quot;:&quot;1600&quot;,&quot;shutter_speed&quot;:&quot;0.01&quot;,&quot;title&quot;:&quot;&quot;,&quot;orientation&quot;:&quot;0&quot;}\" data-image-title=\"GBAmbert2018 (1 von 4)\" data-image-description=\"\" data-image-caption=\"&lt;p&gt;Verleihung des Ehrenordens&lt;\/p&gt;\n\" data-large-file=\"https:\/\/i0.wp.com\/www.grau-blau.de\/wp-content\/uploads\/2018\/01\/GBAmbert2018-1-von-4.jpg?fit=739%2C554&amp;ssl=1\" class=\"size-full wp-image-17214\" src=\"https:\/\/i0.wp.com\/www.grau-blau.de\/wp-content\/uploads\/2018\/01\/GBAmbert2018-1-von-4.jpg?resize=739%2C554&#038;ssl=1\" alt=\"\" width=\"739\" height=\"554\" srcset=\"https:\/\/i0.wp.com\/www.grau-blau.de\/wp-content\/uploads\/2018\/01\/GBAmbert2018-1-von-4.jpg?w=1500&amp;ssl=1 1500w, https:\/\/i0.wp.com\/www.grau-blau.de\/wp-content\/uploads\/2018\/01\/GBAmbert2018-1-von-4.jpg?resize=300%2C225&amp;ssl=1 300w\" sizes=\"auto, (max-width: 739px) 100vw, 739px\" \/><\/a><figcaption id=\"caption-attachment-17214\" class=\"wp-caption-text\">Verleihung des Ehrenordens<\/figcaption><\/figure>\n<p><!--more--><\/p>\n<div class=\"tiled-gallery type-rectangular tiled-gallery-unresized\" data-original-width=\"739\" data-carousel-extra='{&quot;blog_id&quot;:1,&quot;permalink&quot;:&quot;https:\\\/\\\/www.grau-blau.de\\\/?p=17213&quot;,&quot;likes_blog_id&quot;:74896504}' itemscope itemtype=\"http:\/\/schema.org\/ImageGallery\" > <div class=\"gallery-row\" style=\"width: 739px; height: 355px;\" data-original-width=\"739\" data-original-height=\"355\" > <div class=\"gallery-group images-1\" style=\"width: 472px; height: 355px;\" data-original-width=\"472\" data-original-height=\"355\" > <div class=\"tiled-gallery-item tiled-gallery-item-large\" itemprop=\"associatedMedia\" itemscope itemtype=\"http:\/\/schema.org\/ImageObject\"> <a href=\"https:\/\/www.grau-blau.de\/?attachment_id=17215\" border=\"0\" itemprop=\"url\"> <meta itemprop=\"width\" content=\"468\"> <meta itemprop=\"height\" content=\"351\"> <img decoding=\"async\" class=\"\" data-attachment-id=\"17215\" data-orig-file=\"https:\/\/www.grau-blau.de\/wp-content\/uploads\/2018\/01\/GBAmbert2018-1-von-1.jpg\" data-orig-size=\"1500,1125\" data-comments-opened=\"1\" data-image-meta=\"{&quot;aperture&quot;:&quot;4&quot;,&quot;credit&quot;:&quot;&quot;,&quot;camera&quot;:&quot;DC-GH5&quot;,&quot;caption&quot;:&quot;&quot;,&quot;created_timestamp&quot;:&quot;1515015297&quot;,&quot;copyright&quot;:&quot;&quot;,&quot;focal_length&quot;:&quot;12&quot;,&quot;iso&quot;:&quot;800&quot;,&quot;shutter_speed&quot;:&quot;0.01&quot;,&quot;title&quot;:&quot;&quot;,&quot;orientation&quot;:&quot;0&quot;}\" data-image-title=\"GBAmbert2018 (1 von 1)\" data-image-description=\"\" data-medium-file=\"https:\/\/i0.wp.com\/www.grau-blau.de\/wp-content\/uploads\/2018\/01\/GBAmbert2018-1-von-1.jpg?fit=300%2C225&#038;ssl=1\" data-large-file=\"https:\/\/i0.wp.com\/www.grau-blau.de\/wp-content\/uploads\/2018\/01\/GBAmbert2018-1-von-1.jpg?fit=739%2C554&#038;ssl=1\" src=\"https:\/\/i0.wp.com\/www.grau-blau.de\/wp-content\/uploads\/2018\/01\/GBAmbert2018-1-von-1.jpg?w=468&#038;h=351&#038;ssl=1\" srcset=\"https:\/\/i0.wp.com\/www.grau-blau.de\/wp-content\/uploads\/2018\/01\/GBAmbert2018-1-von-1.jpg?w=1500&amp;ssl=1 1500w, https:\/\/i0.wp.com\/www.grau-blau.de\/wp-content\/uploads\/2018\/01\/GBAmbert2018-1-von-1.jpg?resize=300%2C225&amp;ssl=1 300w\" width=\"468\" height=\"351\" loading=\"lazy\" data-original-width=\"468\" data-original-height=\"351\" itemprop=\"http:\/\/schema.org\/image\" title=\"GBAmbert2018 (1 von 1)\" alt=\"R\u00fcdiger und Tim\" style=\"width: 468px; height: 351px;\" \/> <\/a> <div class=\"tiled-gallery-caption\" itemprop=\"caption description\"> R\u00fcdiger und Tim <\/div> <\/div> <\/div> <!-- close group --> <div class=\"gallery-group images-1\" style=\"width: 267px; height: 355px;\" data-original-width=\"267\" data-original-height=\"355\" > <div class=\"tiled-gallery-item tiled-gallery-item-large\" itemprop=\"associatedMedia\" itemscope itemtype=\"http:\/\/schema.org\/ImageObject\"> <a href=\"https:\/\/www.grau-blau.de\/?attachment_id=17216\" border=\"0\" itemprop=\"url\"> <meta itemprop=\"width\" content=\"263\"> <meta itemprop=\"height\" content=\"351\"> <img decoding=\"async\" class=\"\" data-attachment-id=\"17216\" data-orig-file=\"https:\/\/www.grau-blau.de\/wp-content\/uploads\/2018\/01\/GBAmbert2018-2-von-4.jpg\" data-orig-size=\"1125,1500\" data-comments-opened=\"1\" data-image-meta=\"{&quot;aperture&quot;:&quot;4&quot;,&quot;credit&quot;:&quot;&quot;,&quot;camera&quot;:&quot;DC-GH5&quot;,&quot;caption&quot;:&quot;&quot;,&quot;created_timestamp&quot;:&quot;1515015247&quot;,&quot;copyright&quot;:&quot;&quot;,&quot;focal_length&quot;:&quot;60&quot;,&quot;iso&quot;:&quot;1600&quot;,&quot;shutter_speed&quot;:&quot;0.01&quot;,&quot;title&quot;:&quot;&quot;,&quot;orientation&quot;:&quot;0&quot;}\" data-image-title=\"GBAmbert2018 (2 von 4)\" data-image-description=\"\" data-medium-file=\"https:\/\/i0.wp.com\/www.grau-blau.de\/wp-content\/uploads\/2018\/01\/GBAmbert2018-2-von-4.jpg?fit=225%2C300&#038;ssl=1\" data-large-file=\"https:\/\/i0.wp.com\/www.grau-blau.de\/wp-content\/uploads\/2018\/01\/GBAmbert2018-2-von-4.jpg?fit=739%2C985&#038;ssl=1\" src=\"https:\/\/i0.wp.com\/www.grau-blau.de\/wp-content\/uploads\/2018\/01\/GBAmbert2018-2-von-4.jpg?w=263&#038;h=351&#038;ssl=1\" srcset=\"https:\/\/i0.wp.com\/www.grau-blau.de\/wp-content\/uploads\/2018\/01\/GBAmbert2018-2-von-4.jpg?w=1125&amp;ssl=1 1125w, https:\/\/i0.wp.com\/www.grau-blau.de\/wp-content\/uploads\/2018\/01\/GBAmbert2018-2-von-4.jpg?resize=225%2C300&amp;ssl=1 225w\" width=\"263\" height=\"351\" loading=\"lazy\" data-original-width=\"263\" data-original-height=\"351\" itemprop=\"http:\/\/schema.org\/image\" title=\"GBAmbert2018 (2 von 4)\" alt=\"Strahlender Ordenstr\u00e4ger\" style=\"width: 263px; height: 351px;\" \/> <\/a> <div class=\"tiled-gallery-caption\" itemprop=\"caption description\"> Strahlender Ordenstr\u00e4ger <\/div> <\/div> <\/div> <!-- close group --> <\/div> <!-- close row --> <\/div>\n","protected":false},"excerpt":{"rendered":"<p>Durch die Hand unseres Ehrenvorsitzenden R\u00fcdiger Remy wurde bei der ersten Sitzung der Session 2018 der Ehrenorden &#8220;Grau-Blauer Ambert&#8221; an Tim Gebauer verliehen. Tim, unser zweiter Vorsitzender, ist seit dem Jahre 2000 im Verein aktiv, und steht in diversen Rollen auf der Narrenb\u00fchne. Daneben \u00fcbernimmt er viele andere wichtigen Arbeiten &hellip;<\/p>\n","protected":false},"author":1,"featured_media":0,"comment_status":"open","ping_status":"closed","sticky":false,"template":"","format":"standard","meta":{"_jetpack_memberships_contains_paid_content":false,"footnotes":""},"categories":[1,37],"tags":[72],"class_list":["post-17213","post","type-post","status-publish","format-standard","hentry","category-allgemein","category-sitzung","tag-grau-blauer-ambert"],"jetpack_featured_media_url":"","jetpack_sharing_enabled":true,"post_mailing_queue_ids":[],"_links":{"self":[{"href":"https:\/\/www.grau-blau.de\/index.php?rest_route=\/wp\/v2\/posts\/17213","targetHints":{"allow":["GET"]}}],"collection":[{"href":"https:\/\/www.grau-blau.de\/index.php?rest_route=\/wp\/v2\/posts"}],"about":[{"href":"https:\/\/www.grau-blau.de\/index.php?rest_route=\/wp\/v2\/types\/post"}],"author":[{"embeddable":true,"href":"https:\/\/www.grau-blau.de\/index.php?rest_route=\/wp\/v2\/users\/1"}],"replies":[{"embeddable":true,"href":"https:\/\/www.grau-blau.de\/index.php?rest_route=%2Fwp%2Fv2%2Fcomments&post=17213"}],"version-history":[{"count":0,"href":"https:\/\/www.grau-blau.de\/index.php?rest_route=\/wp\/v2\/posts\/17213\/revisions"}],"wp:attachment":[{"href":"https:\/\/www.grau-blau.de\/index.php?rest_route=%2Fwp%2Fv2%2Fmedia&parent=17213"}],"wp:term":[{"taxonomy":"category","embeddable":true,"href":"https:\/\/www.grau-blau.de\/index.php?rest_route=%2Fwp%2Fv2%2Fcategories&post=17213"},{"taxonomy":"post_tag","embeddable":true,"href":"https:\/\/www.grau-blau.de\/index.php?rest_route=%2Fwp%2Fv2%2Ftags&post=17213"}],"curies":[{"name":"wp","href":"https:\/\/api.w.org\/{rel}","templated":true}]}}