{"id":21985,"date":"2025-12-23T14:30:52","date_gmt":"2025-12-23T13:30:52","guid":{"rendered":"https:\/\/www.grau-blau.de\/?p=21985"},"modified":"2025-12-23T14:30:52","modified_gmt":"2025-12-23T13:30:52","slug":"grau-blau-wuenscht-frohe-weihnachten-und-ein-gutes-neues-jahr-2026","status":"publish","type":"post","link":"https:\/\/www.grau-blau.de\/?p=21985","title":{"rendered":"Grau-Blau w\u00fcnscht Frohe Weihnachten und ein gutes neues Jahr 2026"},"content":{"rendered":"\n<p>Liebe Grau-Blau Familie, liebe Freunde von Grau-Blau,<\/p>\n\n\n\n<p>das Jahr neigt sich dem Ende zu, ein Jahr, das uns allen deutlich vor Augen gef\u00fchrt hat, wie fragil unsere Welt geworden ist. Nachrichten von Krieg, Leid und Ungerechtigkeit begleiten unseren Alltag. Wir erleben politische Machthaber, die heute so entscheiden und morgen das Gegenteil vertreten, oft losgel\u00f6st von Verantwortung, Moral und den Konsequenzen f\u00fcr Millionen von Menschen. Diese Unberechenbarkeit, dieses Gef\u00fchl von Ohnmacht und Grauen, hinterl\u00e4sst Spuren, auch bei uns, die wir &#8220;nur&#8221; unserem ganz normalen t\u00e4glichen Leben nachgehen wollen.<\/p>\n\n\n\n<p>Gerade deshalb ist Weihnachten ein Moment des Innehaltens. Ein Anlass, bewusst den Blick auf das zu richten, was bleibt und tr\u00e4gt: auf Vertrauen, Verl\u00e4sslichkeit und menschliche Verbundenheit. Auf die kleinen, aber kostbaren Augenblicke &#8211; ein ehrliches Gespr\u00e4ch, ein Zeichen von Respekt, die Gemeinsamkeit im Verein, die auch in unsicheren Zeiten Bestand hat. Diese Momente erinnern uns daran, dass Menschlichkeit nicht von politischen Launen abh\u00e4ngt, sondern von unserem t\u00e4glichen Handeln, beruflich wie privat. Gerade in diesen Zeiten ist ein Verein wie unserer wichtiger denn je.<\/p>\n\n\n\n<p class=\"has-text-align-left\">In diesem Sinne bedanken wir uns recht herzlich f\u00fcr die vielf\u00e4ltige Unterst\u00fctzung im vergangenen Jahr und w\u00fcnschen allen ein frohes und gesegnetes Weihnachtsfest verbunden mit den besten W\u00fcnschen f\u00fcr ein gesundes und erfolgreiches neues Jahr 2026.<\/p>\n\n\n\n<p class=\"has-text-align-left\">Ein Jahr, welches f\u00fcr unseren Verein ein ganz besonderes sein wird. Wir sind stolz darauf (und dem\u00fctig zugleich) unser 7 x 11j\u00e4hriges Vereinsjubil\u00e4um mit Euch feiern zu d\u00fcrfen. Wir freuen uns riesig darauf!<\/p>\n\n\n\n<p class=\"has-text-align-left\">&#8220;Tsch\u00f6, macht et jot&#8221; &#x1f60a;&#x1f385;&#x1f3fc;&#x1f384;&#x1f386;<\/p>\n\n\n\n<p class=\"has-text-align-left\">Euer Team von Grau-Blau<\/p>\n\n\n\n<figure class=\"wp-block-image size-full\"><img data-recalc-dims=\"1\" loading=\"lazy\" decoding=\"async\" width=\"232\" height=\"385\" data-attachment-id=\"21987\" data-permalink=\"https:\/\/www.grau-blau.de\/?attachment_id=21987\" data-orig-file=\"https:\/\/i0.wp.com\/www.grau-blau.de\/wp-content\/uploads\/2025\/12\/Weihnachtsmann-GB-2025.jpg?fit=232%2C385&amp;ssl=1\" data-orig-size=\"232,385\" data-comments-opened=\"1\" data-image-meta=\"{&quot;aperture&quot;:&quot;0&quot;,&quot;credit&quot;:&quot;&quot;,&quot;camera&quot;:&quot;&quot;,&quot;caption&quot;:&quot;&quot;,&quot;created_timestamp&quot;:&quot;0&quot;,&quot;copyright&quot;:&quot;&quot;,&quot;focal_length&quot;:&quot;0&quot;,&quot;iso&quot;:&quot;0&quot;,&quot;shutter_speed&quot;:&quot;0&quot;,&quot;title&quot;:&quot;&quot;,&quot;orientation&quot;:&quot;0&quot;}\" data-image-title=\"Weihnachtsmann GB 2025\" data-image-description=\"\" data-image-caption=\"\" data-large-file=\"https:\/\/i0.wp.com\/www.grau-blau.de\/wp-content\/uploads\/2025\/12\/Weihnachtsmann-GB-2025.jpg?fit=232%2C385&amp;ssl=1\" src=\"https:\/\/i0.wp.com\/www.grau-blau.de\/wp-content\/uploads\/2025\/12\/Weihnachtsmann-GB-2025.jpg?resize=232%2C385&#038;ssl=1\" alt=\"\" class=\"wp-image-21987\" srcset=\"https:\/\/i0.wp.com\/www.grau-blau.de\/wp-content\/uploads\/2025\/12\/Weihnachtsmann-GB-2025.jpg?w=232&amp;ssl=1 232w, https:\/\/i0.wp.com\/www.grau-blau.de\/wp-content\/uploads\/2025\/12\/Weihnachtsmann-GB-2025.jpg?resize=181%2C300&amp;ssl=1 181w\" sizes=\"auto, (max-width: 232px) 100vw, 232px\" \/><\/figure>\n","protected":false},"excerpt":{"rendered":"<p>Liebe Grau-Blau Familie, liebe Freunde von Grau-Blau, das Jahr neigt sich dem Ende zu, ein Jahr, das uns allen deutlich vor Augen gef\u00fchrt hat, wie fragil unsere Welt geworden ist. Nachrichten von Krieg, Leid und Ungerechtigkeit begleiten unseren Alltag. Wir erleben politische Machthaber, die heute so entscheiden und morgen das &hellip;<\/p>\n","protected":false},"author":3,"featured_media":0,"comment_status":"open","ping_status":"","sticky":false,"template":"","format":"standard","meta":{"_jetpack_memberships_contains_paid_content":false,"footnotes":""},"categories":[1],"tags":[111],"class_list":["post-21985","post","type-post","status-publish","format-standard","hentry","category-allgemein","tag-weihnachten"],"jetpack_featured_media_url":"","jetpack_sharing_enabled":true,"post_mailing_queue_ids":[],"_links":{"self":[{"href":"https:\/\/www.grau-blau.de\/index.php?rest_route=\/wp\/v2\/posts\/21985","targetHints":{"allow":["GET"]}}],"collection":[{"href":"https:\/\/www.grau-blau.de\/index.php?rest_route=\/wp\/v2\/posts"}],"about":[{"href":"https:\/\/www.grau-blau.de\/index.php?rest_route=\/wp\/v2\/types\/post"}],"author":[{"embeddable":true,"href":"https:\/\/www.grau-blau.de\/index.php?rest_route=\/wp\/v2\/users\/3"}],"replies":[{"embeddable":true,"href":"https:\/\/www.grau-blau.de\/index.php?rest_route=%2Fwp%2Fv2%2Fcomments&post=21985"}],"version-history":[{"count":4,"href":"https:\/\/www.grau-blau.de\/index.php?rest_route=\/wp\/v2\/posts\/21985\/revisions"}],"predecessor-version":[{"id":21990,"href":"https:\/\/www.grau-blau.de\/index.php?rest_route=\/wp\/v2\/posts\/21985\/revisions\/21990"}],"wp:attachment":[{"href":"https:\/\/www.grau-blau.de\/index.php?rest_route=%2Fwp%2Fv2%2Fmedia&parent=21985"}],"wp:term":[{"taxonomy":"category","embeddable":true,"href":"https:\/\/www.grau-blau.de\/index.php?rest_route=%2Fwp%2Fv2%2Fcategories&post=21985"},{"taxonomy":"post_tag","embeddable":true,"href":"https:\/\/www.grau-blau.de\/index.php?rest_route=%2Fwp%2Fv2%2Ftags&post=21985"}],"curies":[{"name":"wp","href":"https:\/\/api.w.org\/{rel}","templated":true}]}}